{"id":2092,"date":"2022-09-09T13:16:01","date_gmt":"2022-09-09T16:16:01","guid":{"rendered":"https:\/\/radatilly.gob.ar\/medioambiente\/?p=2092"},"modified":"2022-09-09T13:31:10","modified_gmt":"2022-09-09T16:31:10","slug":"abriran-inscripciones-para-taller-de-compostaje","status":"publish","type":"post","link":"https:\/\/radatilly.gob.ar\/medioambiente\/abriran-inscripciones-para-taller-de-compostaje\/","title":{"rendered":"ABRIR\u00c1N INSCRIPCIONES PARA TALLER DE COMPOSTAJE"},"content":{"rendered":"<p style=\"text-align: center\"><strong><em>La Direcci\u00f3n de Medio Ambiente de Rada Tilly y el INTA invitan a un taller de compostaje domiciliario.<\/em><\/strong><\/p>\n<blockquote><p>El taller se desarrollar\u00e1 el jueves 15 de septiembre, a las 9:30 hs. en el Camping Municipal de Rada Tilly; y ser\u00e1 dictado por la Ing. Agr. Jimena Villafa\u00f1e (INTAAER Comodoro Rivadavia) con la coordinaci\u00f3n de la\u00a0 Direcci\u00f3n de Medio Ambiente de Rada Tilly.<\/p><\/blockquote>\n<p><img fetchpriority=\"high\" decoding=\"async\" class=\"alignnone wp-image-18083 size-medium\" src=\"https:\/\/radatilly.gob.ar\/wp-content\/uploads\/2022\/09\/Flyer-Taller-de-Compostaje-300x300.jpg\" alt=\"\" width=\"300\" height=\"300\" \/><\/p>\n<p>Los cupos son limitados y la participaci\u00f3n es gratuita. El taller te\u00f3rico- pr\u00e1ctico tendr\u00e1 modalidad presencial y se ense\u00f1ar\u00e1n t\u00e9cnicas de compostaje hogare\u00f1o para promover el reciclaje de los residuos compostables dom\u00e9sticos como abono para la huerta.<\/p>\n<blockquote><p>La iniciativa busca su aprovechamiento en el marco del programa de Gesti\u00f3n de Separaci\u00f3n Diferenciada de Residuos S\u00f3lidos Urbanos que se impulsa Rada Tilly desde el a\u00f1o 2015, adem\u00e1s de hacer un uso responsable del residuo, recicl\u00e1ndolo para generar nutrientes que abonen la tierra.<\/p><\/blockquote>\n<p><strong>INSCRIPCIONES <\/strong><\/p>\n<blockquote><p>Para participar los interesados deber\u00e1n inscribirse previamente. Las inscripciones son gratuitas y se realizar\u00e1n el <strong>lunes 12 de septiembre a partir de las 10 hs. hasta agotar cupos.<\/strong> Podr\u00e1n realizarse -a partir de ese d\u00eda y horario- de forma online a trav\u00e9s de un link que publicar\u00e1 en p\u00e1gina web de la Municipalidad de Rada Tilly: <a href=\"http:\/\/www.radatilly.gob.ar\">www.radatilly.gob.ar<\/a> y por tel\u00e9fono llamando al 406-9303\/8138\/8143 (Interno 106), de lunes a viernes en el horario de 7:30 a 13:45 hs.<\/p><\/blockquote>\n<p>&nbsp;<\/p>\n","protected":false},"excerpt":{"rendered":"<p>La Direcci\u00f3n de Medio Ambiente de Rada Tilly y el INTA invitan a un taller de compostaje domiciliario. El taller se desarrollar\u00e1 el jueves 15 de septiembre, a las 9:30 hs. en el Camping Municipal de Rada Tilly; y ser\u00e1 dictado por la Ing. Agr. Jimena Villafa\u00f1e (INTAAER Comodoro Rivadavia) con la coordinaci\u00f3n de la\u00a0 Direcci\u00f3n de Medio Ambiente de Rada Tilly. Los cupos son limitados y la participaci\u00f3n es gratuita. El taller te\u00f3rico- pr\u00e1ctico tendr\u00e1 modalidad presencial y se ense\u00f1ar\u00e1n t\u00e9cnicas de compostaje hogare\u00f1o para promover el reciclaje de los residuos compostables dom\u00e9sticos como abono para la huerta. La iniciativa busca su aprovechamiento en el marco del programa de Gesti\u00f3n de Separaci\u00f3n Diferenciada de Residuos S\u00f3lidos Urbanos que se impulsa Rada Tilly desde el a\u00f1o 2015, adem\u00e1s de hacer un uso responsable del residuo, recicl\u00e1ndolo para generar nutrientes que abonen la tierra. INSCRIPCIONES Para participar los interesados deber\u00e1n inscribirse previamente. Las inscripciones son gratuitas y se realizar\u00e1n el lunes 12 de septiembre a partir de las 10 hs. hasta agotar cupos. Podr\u00e1n realizarse -a partir de ese d\u00eda y horario- de forma online a trav\u00e9s de un link que publicar\u00e1 en p\u00e1gina web de la Municipalidad de Rada Tilly: www.radatilly.gob.ar y por tel\u00e9fono llamando al 406-9303\/8138\/8143 (Interno 106), de lunes a viernes en el horario de 7:30 a 13:45 hs. &nbsp;<\/p>\n","protected":false},"author":1,"featured_media":2093,"comment_status":"open","ping_status":"open","sticky":false,"template":"","format":"standard","meta":{"footnotes":""},"categories":[6],"tags":[12,18,19,13,17],"class_list":["post-2092","post","type-post","status-publish","format-standard","has-post-thumbnail","hentry","category-noticias","tag-ambiente","tag-compost","tag-huerta","tag-rada-tilly","tag-reciclaje"],"_links":{"self":[{"href":"https:\/\/radatilly.gob.ar\/medioambiente\/wp-json\/wp\/v2\/posts\/2092","targetHints":{"allow":["GET"]}}],"collection":[{"href":"https:\/\/radatilly.gob.ar\/medioambiente\/wp-json\/wp\/v2\/posts"}],"about":[{"href":"https:\/\/radatilly.gob.ar\/medioambiente\/wp-json\/wp\/v2\/types\/post"}],"author":[{"embeddable":true,"href":"https:\/\/radatilly.gob.ar\/medioambiente\/wp-json\/wp\/v2\/users\/1"}],"replies":[{"embeddable":true,"href":"https:\/\/radatilly.gob.ar\/medioambiente\/wp-json\/wp\/v2\/comments?post=2092"}],"version-history":[{"count":2,"href":"https:\/\/radatilly.gob.ar\/medioambiente\/wp-json\/wp\/v2\/posts\/2092\/revisions"}],"predecessor-version":[{"id":2095,"href":"https:\/\/radatilly.gob.ar\/medioambiente\/wp-json\/wp\/v2\/posts\/2092\/revisions\/2095"}],"wp:featuredmedia":[{"embeddable":true,"href":"https:\/\/radatilly.gob.ar\/medioambiente\/wp-json\/wp\/v2\/media\/2093"}],"wp:attachment":[{"href":"https:\/\/radatilly.gob.ar\/medioambiente\/wp-json\/wp\/v2\/media?parent=2092"}],"wp:term":[{"taxonomy":"category","embeddable":true,"href":"https:\/\/radatilly.gob.ar\/medioambiente\/wp-json\/wp\/v2\/categories?post=2092"},{"taxonomy":"post_tag","embeddable":true,"href":"https:\/\/radatilly.gob.ar\/medioambiente\/wp-json\/wp\/v2\/tags?post=2092"}],"curies":[{"name":"wp","href":"https:\/\/api.w.org\/{rel}","templated":true}]}}