{"id":1700,"date":"2021-07-08T15:59:23","date_gmt":"2021-07-08T18:59:23","guid":{"rendered":"https:\/\/radatilly.gob.ar\/medioambiente\/?p=1700"},"modified":"2021-07-08T15:59:23","modified_gmt":"2021-07-08T18:59:23","slug":"rada-tilly-busca-optimizar-la-disposicion-de-los-residuos","status":"publish","type":"post","link":"https:\/\/radatilly.gob.ar\/medioambiente\/rada-tilly-busca-optimizar-la-disposicion-de-los-residuos\/","title":{"rendered":"RADA TILLY BUSCA OPTIMIZAR LA DISPOSICI\u00d3N DE LOS RESIDUOS"},"content":{"rendered":"<p style=\"text-align: center\"><em>Desde la Direcci\u00f3n de Medio Ambiente apuntan a optimizar la disposici\u00f3n de los residuos para perfeccionar el sistema de recolecci\u00f3n diferenciada que se implementa con gran participaci\u00f3n en la ciudad.<\/em><\/p>\n<p>&nbsp;<\/p>\n<p>Con el avance y crecimiento del Programa de Gesti\u00f3n Diferenciada de Residuos S\u00f3lidos Urbanos y Reciclables en Rada Tilly, el Municipio destac\u00f3 la importancia de optimizar el m\u00e9todo de separaci\u00f3n para promover el buen uso del Sistema de Puntos Limpios y del Centro de Acopio Transitorio de Residuos, que se implementa en la ciudad.<\/p>\n<p>&nbsp;<\/p>\n<p><em>\u201cLa buena noticia es que cada vez son m\u00e1s los vecinos de Rada Tilly que se comprometen con el cuidado del medio ambiente y colaboran con la separaci\u00f3n de los residuos reciclables que generan a diario en sus casas y los acercan a los sitios de disposici\u00f3n transitoria que tenemos habilitados en la ciudad como los Puntos Limpios y el Centro de Acopio\u201d,<\/em>\u00a0valor\u00f3 Hern\u00e1n Maz\u00f3n desde la Direcci\u00f3n de Medio Ambiente de Rada Tilly.<\/p>\n<p><img fetchpriority=\"high\" decoding=\"async\" class=\"alignnone wp-image-14750 size-full\" src=\"https:\/\/radatilly.gob.ar\/wp-content\/uploads\/2021\/07\/Foto-Puntos-Limpios-web.jpeg\" alt=\"\" width=\"640\" height=\"427\" \/><\/p>\n<p><em>\u00a0\u201cPor ello, desde febrero de este a\u00f1o sumamos el Centro de Acopio Transitorio de Residuos donde pueden depositarse nuevos tipos de residuos y en mayores cantidades, reforzando el servicio de recolecci\u00f3n diferenciada que inici\u00f3 con los cinco Puntos Limpios distribuidos en la ciudad\u201d.<\/em><\/p>\n<p>&nbsp;<\/p>\n<p><strong>\u00bfC\u00d3MO MEJORAR LA SEPARACI\u00d3N?<\/strong><\/p>\n<p>&nbsp;<\/p>\n<p>Desde el Municipio de Rada Tilly recordaron c\u00f3mo mejorar la disposici\u00f3n de los residuos en los igl\u00faes y en los volquetes, para optimizar el espacio existente y mejorar a\u00fan m\u00e1s el \u00e9xito del sistema.<\/p>\n<p>En los igl\u00faes de los Puntos Limpios, es importante disponer los residuos siempre limpios y secos. En el caso del papel y cart\u00f3n deben ir fraccionados o plegados y en fardos; y las botellas pl\u00e1sticas y latas bien aplastadas.<\/p>\n<blockquote><p><strong><em>\u201cEn muchos casos hemos notado que los igl\u00faes se llenan no por falta de espacio sino por la mala disposici\u00f3n del residuo que hace que los dep\u00f3sitos obstruyan las bocas de recolecci\u00f3n del contenedor y \u00e9ste no pueda aprovecharse al 100 % de su capacidad\u201d<\/em><\/strong>, se\u00f1al\u00f3 Maz\u00f3n.<\/p><\/blockquote>\n<p>En este sentido desde la Direcci\u00f3n de Medio Ambiente Rada Tilly, explicaron que<strong>\u00a0los Puntos Limpios de cada igl\u00fa, tienen dos bocas para depositar los residuos<\/strong>\u00a0(en caso de que alguna se encuentre obstruida) y solicitaron a los vecinos\u00a0<strong>no dejar los residuos afuera de los contenedores cuando estos se encuentren llenos.<\/strong><\/p>\n<p><img decoding=\"async\" class=\"alignnone wp-image-14751 size-full\" src=\"https:\/\/radatilly.gob.ar\/wp-content\/uploads\/2021\/07\/Foto-Puntos-Limpios-web-2.jpeg\" alt=\"\" width=\"640\" height=\"360\" \/><\/p>\n<blockquote><p><em>\u00a0<strong>\u201cSi los igl\u00faes de los Puntos Limpios est\u00e1n llenos, se pueden llevar los residuos al Centro de Acopio, ah\u00ed tambi\u00e9n los recibimos. Es importante que en ning\u00fan caso se dejen los residuos afuera de los contenedores o volquetes para evitar voladuras y dispersi\u00f3n de desechos\u201d.<\/strong><\/em><\/p><\/blockquote>\n<p>Adem\u00e1s, se record\u00f3 que existen botelleros met\u00e1licos dispuestos en espacios p\u00fablicos y plazas de la ciudad.\u00a0<em>\u201cEn caso de que el igl\u00fa amarillo de botellas pl\u00e1sticas est\u00e9 lleno, pueden adem\u00e1s dejar sus botellas en los contenedores que tenemos dispuestos en las plazas de la ciudad\u201d<\/em>, explic\u00f3 Maz\u00f3n.<\/p>\n<p>&nbsp;<\/p>\n<p><em>\u201cEs importante mencionar que\u00a0<strong>tenemos que evitar dejar en los Puntos Limpios residuos no reciclables<\/strong>\u00a0como: restos de poda, excrementos de animales, artefactos hogare\u00f1os, aceites de motor, animales muertos, aceites vegetales usados, escombros, maderas y otros tantos con los que nos encontramos a diario, desvirtuando el camino deseado\u201d,<\/em>\u00a0reiter\u00f3.<\/p>\n<blockquote><p><u><strong>Los<\/strong>\u00a0<strong>Puntos Limpios est\u00e1n disponibles las 24 hs. y la frecuencia de recolecci\u00f3n es de tres veces por semana los d\u00edas: lunes, mi\u00e9rcoles y s\u00e1bados.<\/strong><\/u><\/p>\n<p>&nbsp;<\/p>\n<p><u>Mientras que,\u00a0<strong>el<\/strong>\u00a0<strong>Centro de Acopio, funciona de lunes a s\u00e1bados de 8 a 17 hs.<\/strong>, con una persona que recibe y asesora a cada vecino sobre c\u00f3mo clasificar y disponer los residuos.<\/u><\/p><\/blockquote>\n<p>As\u00ed mismo, se explic\u00f3 que tanto el servicio de Puntos Limpios como del Centro de Acopio est\u00e1 disponible para recibir los residuos generados por los vecinos de Rada Tilly, y no as\u00ed por los comercios.<\/p>\n<p>&nbsp;<\/p>\n<p>Por otra parte, la<strong>s pilas y el Aceite Vegetal Usado (AVU) se reciben \u00fanicamente en el Centro de Acopio, en los contenedores especificados.<\/strong>\u00a0<em>\u201cLos AVU`S deben acercarse en un recipiente que debe ser vaciado en el contenedor blanco, indicado para tal fin, y que luego podr\u00e1n volver a utilizar en una pr\u00f3xima carga. En caso de que el recipiente haya cumplido su vida \u00fatil, se deber\u00e1 disponer junto con los residuos domiciliarios ya que solo pueden reciclarse en el Centro de Acopio envases de pl\u00e1stico y vidrio que est\u00e9n limpios y secos\u201d,\u00a0<\/em>destac\u00f3.<\/p>\n<p><img decoding=\"async\" class=\"alignnone wp-image-14757 size-full\" src=\"https:\/\/radatilly.gob.ar\/wp-content\/uploads\/2021\/07\/Foto-editada-aceite-vegetal-y-pilas.jpeg\" alt=\"\" width=\"640\" height=\"403\" \/><\/p>\n<p>Para el caso de las pilas deben depositarse en el contenedor negro, ubicado dentro del Centro de Acopio, sin ning\u00fan tipo de envoltorio. Se reciben: pilas hogare\u00f1as AA y AAA (chicas), C (medianas), D (grandes), pilas bot\u00f3n, pilas de 9v y bater\u00edas de celular\/notebooks.<\/p>\n<blockquote><p><em>\u201cEsperamos que la comunidad haga un uso adecuado de las herramientas que estamos brindando, con estas mejoras ya implementadas les pedimos que se unan a la gesti\u00f3n ambiental llevada adelante en la ciudad a fin de mantenerla m\u00e1s limpia y ordenada para todos\u201d.<\/em><\/p><\/blockquote>\n","protected":false},"excerpt":{"rendered":"<p>Desde la Direcci\u00f3n de Medio Ambiente apuntan a optimizar la disposici\u00f3n de los residuos para perfeccionar el sistema de recolecci\u00f3n diferenciada que se implementa con gran participaci\u00f3n en la ciudad. &nbsp; Con el avance y crecimiento del Programa de Gesti\u00f3n Diferenciada de Residuos S\u00f3lidos Urbanos y Reciclables en Rada Tilly, el Municipio destac\u00f3 la importancia de optimizar el m\u00e9todo de separaci\u00f3n para promover el buen uso del Sistema de Puntos Limpios y del Centro de Acopio Transitorio de Residuos, que se implementa en la ciudad. &nbsp; \u201cLa buena noticia es que cada vez son m\u00e1s los vecinos de Rada Tilly que se comprometen con el cuidado del medio ambiente y colaboran con la separaci\u00f3n de los residuos reciclables que generan a diario en sus casas y los acercan a los sitios de disposici\u00f3n transitoria que tenemos habilitados en la ciudad como los Puntos Limpios y el Centro de Acopio\u201d,\u00a0valor\u00f3 Hern\u00e1n Maz\u00f3n desde la Direcci\u00f3n de Medio Ambiente de Rada Tilly. \u00a0\u201cPor ello, desde febrero de este a\u00f1o sumamos el Centro de Acopio Transitorio de Residuos donde pueden depositarse nuevos tipos de residuos y en mayores cantidades, reforzando el servicio de recolecci\u00f3n diferenciada que inici\u00f3 con los cinco Puntos Limpios distribuidos en la ciudad\u201d. &nbsp; \u00bfC\u00d3MO MEJORAR LA SEPARACI\u00d3N? &nbsp; Desde el Municipio de Rada Tilly recordaron c\u00f3mo mejorar la disposici\u00f3n de los residuos en los igl\u00faes y en los volquetes, para optimizar el espacio existente y mejorar a\u00fan m\u00e1s el \u00e9xito del sistema. En los igl\u00faes de los Puntos Limpios, es importante disponer los residuos siempre limpios y secos. En el caso del papel y cart\u00f3n deben ir fraccionados o plegados y en fardos; y las botellas pl\u00e1sticas y latas bien aplastadas. \u201cEn muchos casos hemos notado que los igl\u00faes se llenan no por falta de espacio sino por la mala disposici\u00f3n del residuo que hace que los dep\u00f3sitos obstruyan las bocas de recolecci\u00f3n del contenedor y \u00e9ste no pueda aprovecharse al 100 % de su capacidad\u201d, se\u00f1al\u00f3 Maz\u00f3n. En este sentido desde la Direcci\u00f3n de Medio Ambiente Rada Tilly, explicaron que\u00a0los Puntos Limpios de cada igl\u00fa, tienen dos bocas para depositar los residuos\u00a0(en caso de que alguna se encuentre obstruida) y solicitaron a los vecinos\u00a0no dejar los residuos afuera de los contenedores cuando estos se encuentren llenos. \u00a0\u201cSi los igl\u00faes de los Puntos Limpios est\u00e1n llenos, se pueden llevar los residuos al Centro de Acopio, ah\u00ed tambi\u00e9n los recibimos. Es importante que en ning\u00fan caso se dejen los residuos afuera de los contenedores o volquetes para evitar voladuras y dispersi\u00f3n de desechos\u201d. Adem\u00e1s, se record\u00f3 que existen botelleros met\u00e1licos dispuestos en espacios p\u00fablicos y plazas de la ciudad.\u00a0\u201cEn caso de que el igl\u00fa amarillo de botellas pl\u00e1sticas est\u00e9 lleno, pueden adem\u00e1s dejar sus botellas en los contenedores que tenemos dispuestos en las plazas de la ciudad\u201d, explic\u00f3 Maz\u00f3n. &nbsp; \u201cEs importante mencionar que\u00a0tenemos que evitar dejar en los Puntos Limpios residuos no reciclables\u00a0como: restos de poda, excrementos de animales, artefactos hogare\u00f1os, aceites de motor, animales muertos, aceites vegetales usados, escombros, maderas y otros tantos con los que nos encontramos a diario, desvirtuando el camino deseado\u201d,\u00a0reiter\u00f3. Los\u00a0Puntos Limpios est\u00e1n disponibles las 24 hs. y la frecuencia de recolecci\u00f3n es de tres veces por semana los d\u00edas: lunes, mi\u00e9rcoles y s\u00e1bados. &nbsp; Mientras que,\u00a0el\u00a0Centro de Acopio, funciona de lunes a s\u00e1bados de 8 a 17 hs., con una persona que recibe y asesora a cada vecino sobre c\u00f3mo clasificar y disponer los residuos. As\u00ed mismo, se explic\u00f3 que tanto el servicio de Puntos Limpios como del Centro de Acopio est\u00e1 disponible para recibir los residuos generados por los vecinos de Rada Tilly, y no as\u00ed por los comercios. &nbsp; Por otra parte, las pilas y el Aceite Vegetal Usado (AVU) se reciben \u00fanicamente en el Centro de Acopio, en los contenedores especificados.\u00a0\u201cLos AVU`S deben acercarse en un recipiente que debe ser vaciado en el contenedor blanco, indicado para tal fin, y que luego podr\u00e1n volver a utilizar en una pr\u00f3xima carga. En caso de que el recipiente haya cumplido su vida \u00fatil, se deber\u00e1 disponer junto con los residuos domiciliarios ya que solo pueden reciclarse en el Centro de Acopio envases de pl\u00e1stico y vidrio que est\u00e9n limpios y secos\u201d,\u00a0destac\u00f3. Para el caso de las pilas deben depositarse en el contenedor negro, ubicado dentro del Centro de Acopio, sin ning\u00fan tipo de envoltorio. Se reciben: pilas hogare\u00f1as AA y AAA (chicas), C (medianas), D (grandes), pilas bot\u00f3n, pilas de 9v y bater\u00edas de celular\/notebooks. \u201cEsperamos que la comunidad haga un uso adecuado de las herramientas que estamos brindando, con estas mejoras ya implementadas les pedimos que se unan a la gesti\u00f3n ambiental llevada adelante en la ciudad a fin de mantenerla m\u00e1s limpia y ordenada para todos\u201d.<\/p>\n","protected":false},"author":1,"featured_media":1701,"comment_status":"open","ping_status":"open","sticky":false,"template":"","format":"standard","meta":{"footnotes":""},"categories":[6],"tags":[],"class_list":["post-1700","post","type-post","status-publish","format-standard","has-post-thumbnail","hentry","category-noticias"],"_links":{"self":[{"href":"https:\/\/radatilly.gob.ar\/medioambiente\/wp-json\/wp\/v2\/posts\/1700","targetHints":{"allow":["GET"]}}],"collection":[{"href":"https:\/\/radatilly.gob.ar\/medioambiente\/wp-json\/wp\/v2\/posts"}],"about":[{"href":"https:\/\/radatilly.gob.ar\/medioambiente\/wp-json\/wp\/v2\/types\/post"}],"author":[{"embeddable":true,"href":"https:\/\/radatilly.gob.ar\/medioambiente\/wp-json\/wp\/v2\/users\/1"}],"replies":[{"embeddable":true,"href":"https:\/\/radatilly.gob.ar\/medioambiente\/wp-json\/wp\/v2\/comments?post=1700"}],"version-history":[{"count":1,"href":"https:\/\/radatilly.gob.ar\/medioambiente\/wp-json\/wp\/v2\/posts\/1700\/revisions"}],"predecessor-version":[{"id":1702,"href":"https:\/\/radatilly.gob.ar\/medioambiente\/wp-json\/wp\/v2\/posts\/1700\/revisions\/1702"}],"wp:featuredmedia":[{"embeddable":true,"href":"https:\/\/radatilly.gob.ar\/medioambiente\/wp-json\/wp\/v2\/media\/1701"}],"wp:attachment":[{"href":"https:\/\/radatilly.gob.ar\/medioambiente\/wp-json\/wp\/v2\/media?parent=1700"}],"wp:term":[{"taxonomy":"category","embeddable":true,"href":"https:\/\/radatilly.gob.ar\/medioambiente\/wp-json\/wp\/v2\/categories?post=1700"},{"taxonomy":"post_tag","embeddable":true,"href":"https:\/\/radatilly.gob.ar\/medioambiente\/wp-json\/wp\/v2\/tags?post=1700"}],"curies":[{"name":"wp","href":"https:\/\/api.w.org\/{rel}","templated":true}]}}