{"id":1348,"date":"2020-12-14T12:03:27","date_gmt":"2020-12-14T15:03:27","guid":{"rendered":"https:\/\/radatilly.gob.ar\/medioambiente\/?p=1348"},"modified":"2020-12-14T12:09:23","modified_gmt":"2020-12-14T15:09:23","slug":"juga-limpio-en-la-playa","status":"publish","type":"post","link":"https:\/\/radatilly.gob.ar\/medioambiente\/juga-limpio-en-la-playa\/","title":{"rendered":"\u201cJUG\u00c1 LIMPIO EN LA PLAYA\u201d"},"content":{"rendered":"<p style=\"text-align: center\"><em>Una campa\u00f1a que <\/em><em>busca generar responsabilidad y conciencia<\/em> <em>sobre la generaci\u00f3n de residuos.<\/em><\/p>\n<p>&nbsp;<\/p>\n<p>&nbsp;<\/p>\n<p>Con la consigna \u201cJug\u00e1 limpio en la playa\u201d, <em>\u00a0<\/em>en el marco del Programa de Gesti\u00f3n Integral de Residuos, \u00a0la Direcci\u00f3n de Medio Ambiente de Rada Tilly contin\u00faa este a\u00f1o con la campa\u00f1a de concientizaci\u00f3n que busca generar responsabilidad y conciencia ambiental sobre la generaci\u00f3n de residuos en la playa.<\/p>\n<p>&nbsp;<\/p>\n<p>Como anticipo a la temporada de verano, que inicia el 15 de diciembre en Rada Tilly,\u00a0 la Direcci\u00f3n de Medio Ambiente busca incentivar una actitud responsable sensibilizando a la comunidad sobre el rol que cumple cada uno en el cuidado del medio ambiente.<\/p>\n<p><em>\u00a0<\/em><\/p>\n<p><em>\u00a0\u201cCon poco se puede ayudar mucho. Cada acci\u00f3n cuenta, por eso incentivamos a tener h\u00e1bitos simples como limpiar tu metro de playa y reemplazar el uso de pl\u00e1sticos descartables por elementos reutilizables\u201d, <\/em>se\u00f1al\u00f3 Hern\u00e1n Marraco, Director del \u00c1rea de Medio Ambiente de la Municipalidad de Rada Tilly.<\/p>\n<p><em>\u00a0<\/em><\/p>\n<p><em>\u201cLa campa\u00f1a tiene como objetivo empezar a introducir en la comunidad, el cambio de mirada ante el ambiente, bajo el concepto de que el residuo es propiedad de quien lo genera, y con el mensaje de que el cuidado de nuestros espacios p\u00fablicos es responsabilidad de todos\u201d<\/em>, explic\u00f3 Marraco.<\/p>\n<p>Para ello se promueven acciones que buscan generar cambios de h\u00e1bito amigables con el medio ambiente como:<\/p>\n<p>&nbsp;<\/p>\n<p><strong>LIMPI\u00c1 TU METRO DE PLAYA.<\/strong> Antes de guardar la toalla, la reposera, la palita y el rastrillo, la consigna propone mirar alrededor y levantar los residuos generados.<\/p>\n<p><strong> <img fetchpriority=\"high\" decoding=\"async\" class=\"alignnone wp-image-1349 size-large\" src=\"https:\/\/radatilly.gob.ar\/wp-content\/uploads\/sites\/9\/2020\/12\/campana-Juga-Limpio-3-1024x1024.jpg\" alt=\"\" width=\"580\" height=\"580\" srcset=\"https:\/\/radatilly.gob.ar\/wp-content\/uploads\/sites\/9\/2020\/12\/campana-Juga-Limpio-3-1024x1024.jpg 1024w, https:\/\/radatilly.gob.ar\/wp-content\/uploads\/sites\/9\/2020\/12\/campana-Juga-Limpio-3-300x300.jpg 300w, https:\/\/radatilly.gob.ar\/wp-content\/uploads\/sites\/9\/2020\/12\/campana-Juga-Limpio-3-150x150.jpg 150w, https:\/\/radatilly.gob.ar\/wp-content\/uploads\/sites\/9\/2020\/12\/campana-Juga-Limpio-3-768x768.jpg 768w, https:\/\/radatilly.gob.ar\/wp-content\/uploads\/sites\/9\/2020\/12\/campana-Juga-Limpio-3.jpg 1080w\" sizes=\"(max-width: 580px) 100vw, 580px\" \/><br \/>\n<\/strong><strong>NO ABUSAR DEL USO DEL PL\u00c1STICO. <\/strong>De la mano con la campa\u00f1a \u201cM\u00e1s ambiente menos pl\u00e1stico\u201d que busca la reducci\u00f3n del uso de pl\u00e1sticos no biodegradables en la ciudad, aqu\u00ed se propone tambi\u00e9n llevar a la playa la comida y la bebida en envases reutilizables para evitar el uso de descartables de un solo uso.<\/p>\n<p><img decoding=\"async\" class=\"alignnone wp-image-1353 size-large\" src=\"https:\/\/radatilly.gob.ar\/wp-content\/uploads\/sites\/9\/2020\/12\/campana-Juga-Limpio-5-1024x1024.jpg\" alt=\"\" width=\"580\" height=\"580\" srcset=\"https:\/\/radatilly.gob.ar\/wp-content\/uploads\/sites\/9\/2020\/12\/campana-Juga-Limpio-5-1024x1024.jpg 1024w, https:\/\/radatilly.gob.ar\/wp-content\/uploads\/sites\/9\/2020\/12\/campana-Juga-Limpio-5-300x300.jpg 300w, https:\/\/radatilly.gob.ar\/wp-content\/uploads\/sites\/9\/2020\/12\/campana-Juga-Limpio-5-150x150.jpg 150w, https:\/\/radatilly.gob.ar\/wp-content\/uploads\/sites\/9\/2020\/12\/campana-Juga-Limpio-5-768x768.jpg 768w, https:\/\/radatilly.gob.ar\/wp-content\/uploads\/sites\/9\/2020\/12\/campana-Juga-Limpio-5.jpg 1080w\" sizes=\"(max-width: 580px) 100vw, 580px\" \/><\/p>\n<p><strong>PLAYA SIN COLILLAS.<\/strong> Las colillas de cigarrillo son el principal residuo que contamina las playas a nivel mundial. Los filtros no son biodegradables y tardan hasta 10 a\u00f1os en descomponerse. Una sola colilla, al entrar en contacto con el agua puede contaminar hasta 50 litros con sustancias t\u00f3xicas como nicotina, alquitr\u00e1n, y metales pesados como plomo, ars\u00e9nico y cianuro.<\/p>\n<p>Las colillas, adem\u00e1s pueden provocar la muerte de fauna marina y son halladas en los est\u00f3magos de especies marinas porque las confunden con alimento.<\/p>\n<p><img decoding=\"async\" class=\"alignnone wp-image-1350 size-large\" src=\"https:\/\/radatilly.gob.ar\/wp-content\/uploads\/sites\/9\/2020\/12\/campana-Juga-Limpio-1-1024x1024.jpg\" alt=\"\" width=\"580\" height=\"580\" srcset=\"https:\/\/radatilly.gob.ar\/wp-content\/uploads\/sites\/9\/2020\/12\/campana-Juga-Limpio-1-1024x1024.jpg 1024w, https:\/\/radatilly.gob.ar\/wp-content\/uploads\/sites\/9\/2020\/12\/campana-Juga-Limpio-1-300x300.jpg 300w, https:\/\/radatilly.gob.ar\/wp-content\/uploads\/sites\/9\/2020\/12\/campana-Juga-Limpio-1-150x150.jpg 150w, https:\/\/radatilly.gob.ar\/wp-content\/uploads\/sites\/9\/2020\/12\/campana-Juga-Limpio-1-768x768.jpg 768w, https:\/\/radatilly.gob.ar\/wp-content\/uploads\/sites\/9\/2020\/12\/campana-Juga-Limpio-1.jpg 1080w\" sizes=\"(max-width: 580px) 100vw, 580px\" \/><\/p>\n<p>&nbsp;<\/p>\n<p>&nbsp;<\/p>\n<p>&nbsp;<\/p>\n<p>&nbsp;<\/p>\n","protected":false},"excerpt":{"rendered":"<p>Una campa\u00f1a que busca generar responsabilidad y conciencia sobre la generaci\u00f3n de residuos. &nbsp; &nbsp; Con la consigna \u201cJug\u00e1 limpio en la playa\u201d, \u00a0en el marco del Programa de Gesti\u00f3n Integral de Residuos, \u00a0la Direcci\u00f3n de Medio Ambiente de Rada Tilly contin\u00faa este a\u00f1o con la campa\u00f1a de concientizaci\u00f3n que busca generar responsabilidad y conciencia ambiental sobre la generaci\u00f3n de residuos en la playa. &nbsp; Como anticipo a la temporada de verano, que inicia el 15 de diciembre en Rada Tilly,\u00a0 la Direcci\u00f3n de Medio Ambiente busca incentivar una actitud responsable sensibilizando a la comunidad sobre el rol que cumple cada uno en el cuidado del medio ambiente. \u00a0 \u00a0\u201cCon poco se puede ayudar mucho. Cada acci\u00f3n cuenta, por eso incentivamos a tener h\u00e1bitos simples como limpiar tu metro de playa y reemplazar el uso de pl\u00e1sticos descartables por elementos reutilizables\u201d, se\u00f1al\u00f3 Hern\u00e1n Marraco, Director del \u00c1rea de Medio Ambiente de la Municipalidad de Rada Tilly. \u00a0 \u201cLa campa\u00f1a tiene como objetivo empezar a introducir en la comunidad, el cambio de mirada ante el ambiente, bajo el concepto de que el residuo es propiedad de quien lo genera, y con el mensaje de que el cuidado de nuestros espacios p\u00fablicos es responsabilidad de todos\u201d, explic\u00f3 Marraco. Para ello se promueven acciones que buscan generar cambios de h\u00e1bito amigables con el medio ambiente como: &nbsp; LIMPI\u00c1 TU METRO DE PLAYA. Antes de guardar la toalla, la reposera, la palita y el rastrillo, la consigna propone mirar alrededor y levantar los residuos generados. NO ABUSAR DEL USO DEL PL\u00c1STICO. De la mano con la campa\u00f1a \u201cM\u00e1s ambiente menos pl\u00e1stico\u201d que busca la reducci\u00f3n del uso de pl\u00e1sticos no biodegradables en la ciudad, aqu\u00ed se propone tambi\u00e9n llevar a la playa la comida y la bebida en envases reutilizables para evitar el uso de descartables de un solo uso. PLAYA SIN COLILLAS. Las colillas de cigarrillo son el principal residuo que contamina las playas a nivel mundial. Los filtros no son biodegradables y tardan hasta 10 a\u00f1os en descomponerse. Una sola colilla, al entrar en contacto con el agua puede contaminar hasta 50 litros con sustancias t\u00f3xicas como nicotina, alquitr\u00e1n, y metales pesados como plomo, ars\u00e9nico y cianuro. Las colillas, adem\u00e1s pueden provocar la muerte de fauna marina y son halladas en los est\u00f3magos de especies marinas porque las confunden con alimento. &nbsp; &nbsp; &nbsp; &nbsp;<\/p>\n","protected":false},"author":1,"featured_media":1354,"comment_status":"open","ping_status":"open","sticky":false,"template":"","format":"standard","meta":{"footnotes":""},"categories":[6],"tags":[],"class_list":["post-1348","post","type-post","status-publish","format-standard","has-post-thumbnail","hentry","category-noticias"],"_links":{"self":[{"href":"https:\/\/radatilly.gob.ar\/medioambiente\/wp-json\/wp\/v2\/posts\/1348","targetHints":{"allow":["GET"]}}],"collection":[{"href":"https:\/\/radatilly.gob.ar\/medioambiente\/wp-json\/wp\/v2\/posts"}],"about":[{"href":"https:\/\/radatilly.gob.ar\/medioambiente\/wp-json\/wp\/v2\/types\/post"}],"author":[{"embeddable":true,"href":"https:\/\/radatilly.gob.ar\/medioambiente\/wp-json\/wp\/v2\/users\/1"}],"replies":[{"embeddable":true,"href":"https:\/\/radatilly.gob.ar\/medioambiente\/wp-json\/wp\/v2\/comments?post=1348"}],"version-history":[{"count":3,"href":"https:\/\/radatilly.gob.ar\/medioambiente\/wp-json\/wp\/v2\/posts\/1348\/revisions"}],"predecessor-version":[{"id":1357,"href":"https:\/\/radatilly.gob.ar\/medioambiente\/wp-json\/wp\/v2\/posts\/1348\/revisions\/1357"}],"wp:featuredmedia":[{"embeddable":true,"href":"https:\/\/radatilly.gob.ar\/medioambiente\/wp-json\/wp\/v2\/media\/1354"}],"wp:attachment":[{"href":"https:\/\/radatilly.gob.ar\/medioambiente\/wp-json\/wp\/v2\/media?parent=1348"}],"wp:term":[{"taxonomy":"category","embeddable":true,"href":"https:\/\/radatilly.gob.ar\/medioambiente\/wp-json\/wp\/v2\/categories?post=1348"},{"taxonomy":"post_tag","embeddable":true,"href":"https:\/\/radatilly.gob.ar\/medioambiente\/wp-json\/wp\/v2\/tags?post=1348"}],"curies":[{"name":"wp","href":"https:\/\/api.w.org\/{rel}","templated":true}]}}